{"id":937,"date":"2018-09-03T09:37:01","date_gmt":"2018-09-03T09:37:01","guid":{"rendered":"https:\/\/www.eurof-wftu.org.cy\/?p=937"},"modified":"2021-03-31T10:29:19","modified_gmt":"2021-03-31T10:29:19","slug":"1st-of-september-international-day-of-action-for-peace-in-cyprus","status":"publish","type":"post","link":"https:\/\/eurof-wftu.eu\/?p=937","title":{"rendered":"1st of September &#8220;International Day of Action for Peace&#8221; in Cyprus"},"content":{"rendered":"<p>PEO, DEV-\u0130\u015e, KTAMS, KT\u00d6S, KTOE\u00d6S, BES, KOOP-SEN, DA\u00dc-SEN , Trade Union organizations members of WFTU, honoring the 1st September &#8220;International Day of Action for Peace&#8221; \u00a0\u00a0held \u00a0on Saturday 1st September \u00a0\u00a0in Nicosia Cyprus an event with the laying of a wreath at the Monument of the Fallen on various fronts during the Second World War. \u00a0There was also \u00a0a joint press conference of the Organizations which \u00a0took \u00a0place on the same day \u00a0in which a joint declaration was given to the public.<\/p>\n<p><img loading=\"lazy\" decoding=\"async\" class=\"alignnone size-full wp-image-941\" src=\"http:\/\/eurof-wftu.org.cy\/wp-content\/uploads\/2018\/03\/2-4.jpg\" alt=\"\" width=\"696\" height=\"464\" srcset=\"https:\/\/eurof-wftu.eu\/wp-content\/uploads\/2018\/03\/2-4.jpg 696w, https:\/\/eurof-wftu.eu\/wp-content\/uploads\/2018\/03\/2-4-300x200.jpg 300w, https:\/\/eurof-wftu.eu\/wp-content\/uploads\/2018\/03\/2-4-630x420.jpg 630w\" sizes=\"auto, (max-width: 696px) 100vw, 696px\" \/><\/p>\n<p><img loading=\"lazy\" decoding=\"async\" class=\"alignnone size-full wp-image-942\" src=\"http:\/\/eurof-wftu.org.cy\/wp-content\/uploads\/2018\/03\/3-2.jpg\" alt=\"\" width=\"696\" height=\"464\" srcset=\"https:\/\/eurof-wftu.eu\/wp-content\/uploads\/2018\/03\/3-2.jpg 696w, https:\/\/eurof-wftu.eu\/wp-content\/uploads\/2018\/03\/3-2-300x200.jpg 300w, https:\/\/eurof-wftu.eu\/wp-content\/uploads\/2018\/03\/3-2-630x420.jpg 630w\" sizes=\"auto, (max-width: 696px) 100vw, 696px\" \/><\/p>\n<p><img loading=\"lazy\" decoding=\"async\" class=\"alignnone size-full wp-image-943\" src=\"http:\/\/eurof-wftu.org.cy\/wp-content\/uploads\/2018\/03\/4-1.jpg\" alt=\"\" width=\"696\" height=\"464\" srcset=\"https:\/\/eurof-wftu.eu\/wp-content\/uploads\/2018\/03\/4-1.jpg 696w, https:\/\/eurof-wftu.eu\/wp-content\/uploads\/2018\/03\/4-1-300x200.jpg 300w, https:\/\/eurof-wftu.eu\/wp-content\/uploads\/2018\/03\/4-1-630x420.jpg 630w\" sizes=\"auto, (max-width: 696px) 100vw, 696px\" \/><\/p>\n","protected":false},"excerpt":{"rendered":"<p>PEO, DEV-\u0130\u015e, KTAMS, KT\u00d6S, KTOE\u00d6S, BES, KOOP-SEN, DA\u00dc-SEN , Trade Union organizations members of WFTU, honoring the 1st September &#8220;International Day of Action for Peace&#8221; \u00a0\u00a0held \u00a0on Saturday 1st September \u00a0\u00a0in Nicosia Cyprus an event with the laying of a wreath at the Monument of the Fallen on various fronts during the Second World War. [&hellip;]<\/p>\n","protected":false},"author":2,"featured_media":940,"comment_status":"closed","ping_status":"open","sticky":false,"template":"","format":"standard","meta":{"tdm_status":"","tdm_grid_status":"","footnotes":""},"categories":[5],"tags":[],"class_list":{"0":"post-937","1":"post","2":"type-post","3":"status-publish","4":"format-standard","5":"has-post-thumbnail","7":"category-latest_events_across_europe"},"_links":{"self":[{"href":"https:\/\/eurof-wftu.eu\/index.php?rest_route=\/wp\/v2\/posts\/937","targetHints":{"allow":["GET"]}}],"collection":[{"href":"https:\/\/eurof-wftu.eu\/index.php?rest_route=\/wp\/v2\/posts"}],"about":[{"href":"https:\/\/eurof-wftu.eu\/index.php?rest_route=\/wp\/v2\/types\/post"}],"author":[{"embeddable":true,"href":"https:\/\/eurof-wftu.eu\/index.php?rest_route=\/wp\/v2\/users\/2"}],"replies":[{"embeddable":true,"href":"https:\/\/eurof-wftu.eu\/index.php?rest_route=%2Fwp%2Fv2%2Fcomments&post=937"}],"version-history":[{"count":1,"href":"https:\/\/eurof-wftu.eu\/index.php?rest_route=\/wp\/v2\/posts\/937\/revisions"}],"predecessor-version":[{"id":1653,"href":"https:\/\/eurof-wftu.eu\/index.php?rest_route=\/wp\/v2\/posts\/937\/revisions\/1653"}],"wp:featuredmedia":[{"embeddable":true,"href":"https:\/\/eurof-wftu.eu\/index.php?rest_route=\/wp\/v2\/media\/940"}],"wp:attachment":[{"href":"https:\/\/eurof-wftu.eu\/index.php?rest_route=%2Fwp%2Fv2%2Fmedia&parent=937"}],"wp:term":[{"taxonomy":"category","embeddable":true,"href":"https:\/\/eurof-wftu.eu\/index.php?rest_route=%2Fwp%2Fv2%2Fcategories&post=937"},{"taxonomy":"post_tag","embeddable":true,"href":"https:\/\/eurof-wftu.eu\/index.php?rest_route=%2Fwp%2Fv2%2Ftags&post=937"}],"curies":[{"name":"wp","href":"https:\/\/api.w.org\/{rel}","templated":true}]}}