{"id":5082,"date":"2026-04-26T22:35:29","date_gmt":"2026-04-26T20:35:29","guid":{"rendered":"https:\/\/eurof-wftu.eu\/?p=5082"},"modified":"2026-04-26T22:35:29","modified_gmt":"2026-04-26T20:35:29","slug":"solidaridad-con-cuba-en-italia-en-marchas-por-el-dia-de-la-liberacion","status":"publish","type":"post","link":"https:\/\/eurof-wftu.eu\/?p=5082","title":{"rendered":"Solidaridad con Cuba en Italia en marchas por el D\u00eda de la Liberaci\u00f3n"},"content":{"rendered":"\n<p>En las manifestaciones y el evento efectuado ante la misi\u00f3n diplom\u00e1tica de la naci\u00f3n caribe\u00f1a participaron integrantes de decenas de organizaciones pol\u00edticas, sociales, sindicales y juveniles, quienes expresaron su respaldo a Cuba, ante el incremento de las presiones y amenazas por parte del imperialismo norteamericano.<\/p>\n\n\n\n<p>Se destac\u00f3 la presencia de j\u00f3venes integrantes de las agrupaciones Cambiare Rotta y Oposici\u00f3n Estudiantil de Alternativa (OSA), junto a afiliados a la Uni\u00f3n Sindical de Base (USB) y otros gremios, militantes de fuerzas pol\u00edticas como la Red de los Comunistas, y miembros de la Asociaci\u00f3n de Amistad Italia-Cuba (Anaic).<\/p>\n\n\n\n<p>En el acto, el embajador cubano, Jorge Luis Cepero, agradeci\u00f3 las muestras de solidaridad con su pa\u00eds y con su pueblo que crecen en Italia y resalt\u00f3 esta expresi\u00f3n de hermandad y cercan\u00eda en una fecha de tal alto significado, como el aniversario 81 de la victoria contra el nazifascismo en esta naci\u00f3n europea.<\/p>\n\n\n\n<p>Marco Papacci, presidente de la Anaic, expres\u00f3 en declaraciones a Prensa Latina que para los presentes en ese acto resultaron muy emotivas las palabras del jefe de la misi\u00f3n diplom\u00e1tica, \u201cquien afirm\u00f3 una vez m\u00e1s la voluntad de resistir y de vencer del pueblo cubano y de la revoluci\u00f3n cubana\u201d.<\/p>\n\n\n\n<p>Papaccci signific\u00f3 que esas agrupaciones participantes en las marchas por el D\u00eda de la Liberaci\u00f3n, decidieron hacer un alto frente a la embajada de Cuba, \u201cporque es la de un pueblo que resiste a 65 a\u00f1os de bloqueo norteamericano, a la vez que representa los ideales de lucha contra las injusticias y por un mundo mejor\u201d.<\/p>\n\n\n\n<p>Tras la actividad desarrollada frente a esa misi\u00f3n diplom\u00e1tica, continu\u00f3 el recorrido de la gigantesca manifestaci\u00f3n por las calles de Roma, tambi\u00e9n con la imagen del Comandante en jefe Fidel Castro, l\u00edder hist\u00f3rico de la Revoluci\u00f3n cubana, como parte de los homenajes al mismo en este pa\u00eds, en el a\u00f1o del centenario de su natalicio.<\/p>\n\n\n\n<p>Muchos de los oradores de la marcha se refirieron a Cuba, a Fidel, al ejemplo de ese pueblo que se mantiene firme frente a las acciones del imperialismo norteamericano y sus lacayos para tratar de destruirla, con un recrudecimiento del bloqueo econ\u00f3mico, con amenazas incluso de una agresi\u00f3n armada.<\/p>\n\n\n\n<p>En su intervenci\u00f3n durante esa masiva demostraci\u00f3n, Papacci hizo alusi\u00f3n a los lazos hist\u00f3ricos entre la Resistencia italiana, protagonista de la victoria contra el nazifascismo, y la Revoluci\u00f3n cubana, y puso como ejemplo al partisano Gino Don\u00e9, \u00fanico participante europeo en la gesta hist\u00f3rica del yate Granma.<\/p>\n\n\n\n<p>El presidente de la Anaic, reafirm\u00f3 lo planteado por \u00e9l durante la reciente marcha en defensa de la naci\u00f3n caribe\u00f1a que el pasado 11 de abril recorri\u00f3 las calles de Roma, cuando dijo que \u201cCuba est\u00e1 siendo atacada, pero vive, resiste, y estamos con ella, con el pueblo cubano, con su Revoluci\u00f3n\u201d.<\/p>\n","protected":false},"excerpt":{"rendered":"<p>En las manifestaciones y el evento efectuado ante la misi\u00f3n diplom\u00e1tica de la naci\u00f3n caribe\u00f1a participaron integrantes de decenas de organizaciones pol\u00edticas, sociales, sindicales y juveniles, quienes expresaron su respaldo a Cuba, ante el incremento de las presiones y amenazas por parte del imperialismo norteamericano. Se destac\u00f3 la presencia de j\u00f3venes integrantes de las agrupaciones [&hellip;]<\/p>\n","protected":false},"author":11,"featured_media":5083,"comment_status":"open","ping_status":"open","sticky":false,"template":"","format":"standard","meta":{"tdm_status":"","tdm_grid_status":"","footnotes":""},"categories":[5],"tags":[],"class_list":{"0":"post-5082","1":"post","2":"type-post","3":"status-publish","4":"format-standard","5":"has-post-thumbnail","7":"category-latest_events_across_europe"},"_links":{"self":[{"href":"https:\/\/eurof-wftu.eu\/index.php?rest_route=\/wp\/v2\/posts\/5082","targetHints":{"allow":["GET"]}}],"collection":[{"href":"https:\/\/eurof-wftu.eu\/index.php?rest_route=\/wp\/v2\/posts"}],"about":[{"href":"https:\/\/eurof-wftu.eu\/index.php?rest_route=\/wp\/v2\/types\/post"}],"author":[{"embeddable":true,"href":"https:\/\/eurof-wftu.eu\/index.php?rest_route=\/wp\/v2\/users\/11"}],"replies":[{"embeddable":true,"href":"https:\/\/eurof-wftu.eu\/index.php?rest_route=%2Fwp%2Fv2%2Fcomments&post=5082"}],"version-history":[{"count":1,"href":"https:\/\/eurof-wftu.eu\/index.php?rest_route=\/wp\/v2\/posts\/5082\/revisions"}],"predecessor-version":[{"id":5084,"href":"https:\/\/eurof-wftu.eu\/index.php?rest_route=\/wp\/v2\/posts\/5082\/revisions\/5084"}],"wp:featuredmedia":[{"embeddable":true,"href":"https:\/\/eurof-wftu.eu\/index.php?rest_route=\/wp\/v2\/media\/5083"}],"wp:attachment":[{"href":"https:\/\/eurof-wftu.eu\/index.php?rest_route=%2Fwp%2Fv2%2Fmedia&parent=5082"}],"wp:term":[{"taxonomy":"category","embeddable":true,"href":"https:\/\/eurof-wftu.eu\/index.php?rest_route=%2Fwp%2Fv2%2Fcategories&post=5082"},{"taxonomy":"post_tag","embeddable":true,"href":"https:\/\/eurof-wftu.eu\/index.php?rest_route=%2Fwp%2Fv2%2Ftags&post=5082"}],"curies":[{"name":"wp","href":"https:\/\/api.w.org\/{rel}","templated":true}]}}