{"id":4895,"date":"2026-03-11T11:40:08","date_gmt":"2026-03-11T09:40:08","guid":{"rendered":"https:\/\/eurof-wftu.eu\/?p=4895"},"modified":"2026-03-11T11:40:34","modified_gmt":"2026-03-11T09:40:34","slug":"cuban-ambassador-in-italy-received-by-usb","status":"publish","type":"post","link":"https:\/\/eurof-wftu.eu\/?p=4895","title":{"rendered":"Cuban Ambassador in Italy received by USB"},"content":{"rendered":"\n<p>Fui recibido en la sede de la Uni\u00f3n Sindical de Base por su ejecutivo nacional.<\/p>\n\n\n\n<p>Agradec\u00ed las iniciativas de solidaridad con el pueblo ante el impacto de un bloqueo inhumano y la movilizaci\u00f3n en rechazo a pol\u00edtica agresiva y de asfixia del gob. de EEUU vs <a href=\"https:\/\/www.facebook.com\/hashtag\/cuba?__eep__=6&amp;__cft__[0]=AZaCf0nWQc9r6q0y5N3yzdRPZBPzyMu1xHU0PB4Qu9dHZq7AVXgJ3ln8teKqdTbaQIo3rmmLR_pnzDxG5vmjWLeZGdpjeiR5Ra8_Yq_pilwnGoeifUXH2rDkhMNg-3URr1U&amp;__tn__=*NK-R\">#Cuba<\/a>.<\/p>\n\n\n\n<p>______<\/p>\n\n\n\n<p>Sono stato ricevuto presso la sede dell <a href=\"https:\/\/www.facebook.com\/unionesindacaledibase?__cft__[0]=AZaCf0nWQc9r6q0y5N3yzdRPZBPzyMu1xHU0PB4Qu9dHZq7AVXgJ3ln8teKqdTbaQIo3rmmLR_pnzDxG5vmjWLeZGdpjeiR5Ra8_Yq_pilwnGoeifUXH2rDkhMNg-3URr1U&amp;__tn__=-]K-R\">USB Unione Sindacale Di Base pag. nazionale<\/a> dal suo comitato esecutivo nazionale.<\/p>\n\n\n\n<p>Ho espresso la mia gratitudine per le iniziative di solidariet\u00e0 con il popolo cubano di fronte all&#8217;impatto di un blocco disumano e per la mobilitazione nel rifiuto delle politiche aggressive e soffocanti del governo degli Stati Uniti contro Cuba.<\/p>\n","protected":false},"excerpt":{"rendered":"<p>Fui recibido en la sede de la Uni\u00f3n Sindical de Base por su ejecutivo nacional. Agradec\u00ed las iniciativas de solidaridad con el pueblo ante el impacto de un bloqueo inhumano y la movilizaci\u00f3n en rechazo a pol\u00edtica agresiva y de asfixia del gob. de EEUU vs #Cuba. ______ Sono stato ricevuto presso la sede dell [&hellip;]<\/p>\n","protected":false},"author":11,"featured_media":4896,"comment_status":"open","ping_status":"open","sticky":false,"template":"","format":"standard","meta":{"tdm_status":"","tdm_grid_status":"","footnotes":""},"categories":[5],"tags":[],"class_list":{"0":"post-4895","1":"post","2":"type-post","3":"status-publish","4":"format-standard","5":"has-post-thumbnail","7":"category-latest_events_across_europe"},"_links":{"self":[{"href":"https:\/\/eurof-wftu.eu\/index.php?rest_route=\/wp\/v2\/posts\/4895","targetHints":{"allow":["GET"]}}],"collection":[{"href":"https:\/\/eurof-wftu.eu\/index.php?rest_route=\/wp\/v2\/posts"}],"about":[{"href":"https:\/\/eurof-wftu.eu\/index.php?rest_route=\/wp\/v2\/types\/post"}],"author":[{"embeddable":true,"href":"https:\/\/eurof-wftu.eu\/index.php?rest_route=\/wp\/v2\/users\/11"}],"replies":[{"embeddable":true,"href":"https:\/\/eurof-wftu.eu\/index.php?rest_route=%2Fwp%2Fv2%2Fcomments&post=4895"}],"version-history":[{"count":1,"href":"https:\/\/eurof-wftu.eu\/index.php?rest_route=\/wp\/v2\/posts\/4895\/revisions"}],"predecessor-version":[{"id":4897,"href":"https:\/\/eurof-wftu.eu\/index.php?rest_route=\/wp\/v2\/posts\/4895\/revisions\/4897"}],"wp:featuredmedia":[{"embeddable":true,"href":"https:\/\/eurof-wftu.eu\/index.php?rest_route=\/wp\/v2\/media\/4896"}],"wp:attachment":[{"href":"https:\/\/eurof-wftu.eu\/index.php?rest_route=%2Fwp%2Fv2%2Fmedia&parent=4895"}],"wp:term":[{"taxonomy":"category","embeddable":true,"href":"https:\/\/eurof-wftu.eu\/index.php?rest_route=%2Fwp%2Fv2%2Fcategories&post=4895"},{"taxonomy":"post_tag","embeddable":true,"href":"https:\/\/eurof-wftu.eu\/index.php?rest_route=%2Fwp%2Fv2%2Ftags&post=4895"}],"curies":[{"name":"wp","href":"https:\/\/api.w.org\/{rel}","templated":true}]}}