{"id":4279,"date":"2025-04-04T19:01:38","date_gmt":"2025-04-04T17:01:38","guid":{"rendered":"https:\/\/eurof-wftu.eu\/?p=4279"},"modified":"2025-04-04T19:01:39","modified_gmt":"2025-04-04T17:01:39","slug":"eurof-wftu-call-to-mobilize-against-war-and-the-militarization-of-the-european-union-2","status":"publish","type":"post","link":"https:\/\/eurof-wftu.eu\/?p=4279","title":{"rendered":"Eurof WFTU call to mobilize against war and the militarization of the European Union"},"content":{"rendered":"\n<p>The European Office of the WFTU strongly condemns the dangerous and anti-popular decisions of the EU Commission Summit to finance 800 billion euros for military armament within the ReArm EUROPE project.<\/p>\n\n\n\n<p>The re-election of Donald Trump as president of the United States brings a significant change of perspective for the European Union and for the countries of Europe.The U.S. attack on Europe to make it rearm and provide for its own internal security is causing real panic in the chancelleries of the old continent, which are preparing to remove all reservations about the constitution of a European army and to plan rearmament through huge appropriations, more than 800 billion euros, freed from any budgetary constraint and stability pact. We&#8217;re preparing for war and we&#8217;re sparing no expense. <\/p>\n\n\n\n<p>Everything that used to be considered taboo, exceeding financial constraints and breaking the Stability Pact when countries needed to do so to face the economic crisis and thus finance health care, pensions and salaries, is now a concrete practice that doesn&#8217;t even require that simulacrum of democracy that is parliamentary approval. The European Commission decides and acts without any legitimacy. The European countries and governments submit and agree without any reference to the fundamental laws, the constitutions, which in many cases prohibit the use of war to resolve international disputes.<\/p>\n\n\n\n<p>This accelerates the processes of militarization and the consequent establishment of a real war economy to finance the purchase of arms and the creation of additional military contingents to be trained, armed and paid. Therefore, the resources that would be destined for families, workers and ordinary people are cut and diverted to rearmament, and civil and social rights and liberties are placed under guardianship, because in the preparation for war, democracy and dissent are not allowed.<\/p>\n\n\n\n<p>The international worker\u2019s movement has always taken on the responsibility of opposing and fighting war tendencies, and once again it is up to the world of workers organized in class unions to organize the resistance against the rearmament and war policies of the European Union.EUROF WFTU call on all the trade unions of our continent to mobilize, to take to the streets against the rearmament and the creation of a European army, against the war economy and to denounce the desire of the European Union to establish itself as a real imperialist pole.<\/p>\n\n\n\n<p>NO WAR, NO ReArm E.U.<\/p>\n\n\n\n<p>More resources for Health-Education-Pension-Wage Increases<\/p>\n\n\n\n<p><\/p>\n\n\n\n<p><strong>ESP<\/strong><\/p>\n\n\n\n<p>La Oficina Regional Europea de la FSM condena en\u00e9rgicamente las peligrosas y antipopulares decisiones de la Cumbre de la Comisi\u00f3n de la Uni\u00f3n Europea de financiar 800.000 millones de euros para el armamento militar dentro del proyecto ReArm EUROPE.<\/p>\n\n\n\n<p>La reelecci\u00f3n de Donald Trump como presidente de los Estados Unidos ha supuesto un cambio significativo de perspectiva para la Uni\u00f3n Europea y para los pa\u00edses de Europa.El ataque de EE.UU. a Europa para que se rearme y garantice su propia seguridad interna est\u00e1 causando un verdadero p\u00e1nico en las canciller\u00edas del viejo continente, que se preparan para eliminar todas las reservas sobre la constituci\u00f3n de un ej\u00e9rcito europeo y para planificar el rearme a trav\u00e9s de enormes asignaciones, m\u00e1s de 800.000 millones de euros, liberados de cualquier restricci\u00f3n presupuestaria y del Pacto de Estabilidad. Nos estamos preparando para la guerra y no escatimamos gastos.Todo lo que antes se consideraba un tab\u00fa, como superar los l\u00edmites financieros y romper el Pacto de Estabilidad cuando los pa\u00edses lo necesitaban para hacer frente a la crisis econ\u00f3mica y financiar la sanidad, las pensiones y los salarios, ahora se ha convertido en una pr\u00e1ctica concreta que ni siquiera requiere ese simulacro de democracia que es la aprobaci\u00f3n parlamentaria.<\/p>\n\n\n\n<p>La Comisi\u00f3n Europea decide y act\u00faa sin ninguna legitimidad. Los pa\u00edses y gobiernos europeos se someten y aceptan sin referencia alguna a las leyes fundamentales, a las constituciones, que en muchos casos proh\u00edben el uso de la guerra para resolver disputas internacionales.Esto acelera los procesos de militarizaci\u00f3n y el consiguiente establecimiento de una verdadera econom\u00eda de guerra para financiar la compra de armas y la creaci\u00f3n de contingentes militares adicionales que ser\u00e1n entrenados, armados y pagados. Por lo tanto, los recursos que deber\u00edan destinarse a las familias, los trabajadores y la gente com\u00fan son recortados y desviados al rearme, y los derechos, y tanto las libertades civiles como las sociales son puestos bajo tutela, porque en la preparaci\u00f3n para la guerra, la democracia y el disenso no son permitidos.El movimiento sindical internacional siempre ha asumido la responsabilidad de oponerse y luchar contra las tendencias belicistas, y una vez m\u00e1s, corresponde a la clase trabajadora organizada en sindicatos de clase organizar la resistencia contra las pol\u00edticas de rearme y guerra de la Uni\u00f3n Europea.<\/p>\n\n\n\n<p>EUROF FSM hace un llamado a todos los sindicatos de nuestro continente a movilizarse, a salir a las calles contra el rearme y la creaci\u00f3n de un ej\u00e9rcito europeo, contra la econom\u00eda de guerra y a denunciar la intenci\u00f3n de la Uni\u00f3n Europea de establecerse como un verdadero polo imperialista.<\/p>\n\n\n\n<p><\/p>\n","protected":false},"excerpt":{"rendered":"<p>The European Office of the WFTU strongly condemns the dangerous and anti-popular decisions of the EU Commission Summit to finance 800 billion euros for military armament within the ReArm EUROPE project. The re-election of Donald Trump as president of the United States brings a significant change of perspective for the European Union and for the [&hellip;]<\/p>\n","protected":false},"author":2,"featured_media":4230,"comment_status":"open","ping_status":"open","sticky":false,"template":"","format":"standard","meta":{"tdm_status":"","tdm_grid_status":"","footnotes":""},"categories":[5],"tags":[],"class_list":{"0":"post-4279","1":"post","2":"type-post","3":"status-publish","4":"format-standard","5":"has-post-thumbnail","7":"category-latest_events_across_europe"},"_links":{"self":[{"href":"https:\/\/eurof-wftu.eu\/index.php?rest_route=\/wp\/v2\/posts\/4279","targetHints":{"allow":["GET"]}}],"collection":[{"href":"https:\/\/eurof-wftu.eu\/index.php?rest_route=\/wp\/v2\/posts"}],"about":[{"href":"https:\/\/eurof-wftu.eu\/index.php?rest_route=\/wp\/v2\/types\/post"}],"author":[{"embeddable":true,"href":"https:\/\/eurof-wftu.eu\/index.php?rest_route=\/wp\/v2\/users\/2"}],"replies":[{"embeddable":true,"href":"https:\/\/eurof-wftu.eu\/index.php?rest_route=%2Fwp%2Fv2%2Fcomments&post=4279"}],"version-history":[{"count":2,"href":"https:\/\/eurof-wftu.eu\/index.php?rest_route=\/wp\/v2\/posts\/4279\/revisions"}],"predecessor-version":[{"id":4281,"href":"https:\/\/eurof-wftu.eu\/index.php?rest_route=\/wp\/v2\/posts\/4279\/revisions\/4281"}],"wp:featuredmedia":[{"embeddable":true,"href":"https:\/\/eurof-wftu.eu\/index.php?rest_route=\/wp\/v2\/media\/4230"}],"wp:attachment":[{"href":"https:\/\/eurof-wftu.eu\/index.php?rest_route=%2Fwp%2Fv2%2Fmedia&parent=4279"}],"wp:term":[{"taxonomy":"category","embeddable":true,"href":"https:\/\/eurof-wftu.eu\/index.php?rest_route=%2Fwp%2Fv2%2Fcategories&post=4279"},{"taxonomy":"post_tag","embeddable":true,"href":"https:\/\/eurof-wftu.eu\/index.php?rest_route=%2Fwp%2Fv2%2Ftags&post=4279"}],"curies":[{"name":"wp","href":"https:\/\/api.w.org\/{rel}","templated":true}]}}