{"id":4217,"date":"2025-03-27T14:42:12","date_gmt":"2025-03-27T12:42:12","guid":{"rendered":"https:\/\/eurof-wftu.eu\/?p=4217"},"modified":"2025-03-27T14:43:48","modified_gmt":"2025-03-27T12:43:48","slug":"no-to-european-rearmament-no-to-waryes-to-resources-for-wages-pensions-health-work-eng-esp-fr","status":"publish","type":"post","link":"https:\/\/eurof-wftu.eu\/?p=4217","title":{"rendered":"No to European Rearmament, No to WarYes to Resources for Wages, Pensions, Health, Work (ENG-ESP-FR)"},"content":{"rendered":"\n<p><strong>The European Office of the WFTU condemns the dangerous and anti-grass roots decisions of the EU Commission Summit to finance 800 billion Euros for military armament under the project ReArm EUROPE and calls upon all WFTU affiliates to organize and support the struggle against the arms race and militarization.<br><\/strong>The decision of the EU Commission to allocate 800 billion Euros for the rearmament of the EU is serious and unacceptable and prepares a future of war for the peoples of Europe. The non-formal break of the historic Atlantic bloc with the USA is accelerating the construction of the European imperialist pole which, in order to compete with the others, has to arm itself, hastily build its own army, equip itself with weapons suitable for a war in the 21st century and centralise decisions on foreign policy and defence.<\/p>\n\n\n\n<p>There is no doubt who will be asked to pay the costs of rearmament: the workers, the common people through new taxes, cuts in welfare, wages and social spending. There is no doubt that national governments will also try to further reduce social and civil rights to prevent people from demonstrating, fighting and organising against war and military spending.<\/p>\n\n\n\n<p>Eurof, which has always fought against budgetary restrictions and the Stability Pact, because they have been used to cut social spending and have prevented European countries from allocating funds to salaries, pensions, health and education, denounces the decision of the European Commission to authorize the lifting of budgetary restrictions and the breaking of the Stability Pact, solely in favor of increased funding for military spending. While the industrial crisis is devouring factories and destroying hundreds of thousands of jobs, the nature of production is being changed by converting it, especially in the car sector, into arms production, which will further enrich big capital, which is rapidly converting to invest in the military sector.<\/p>\n\n\n\n<p><br><strong>STOP THE &#8216;RE-ARMING OF EUROPE&#8217;<\/strong><br><strong>No Sacrifice for War! Peace and Prosperity for the Peoples!<\/strong><\/p>\n\n\n\n<p><strong>With the militant trade unions in the front line for peace, strengthen our solidarity with the heroic people of Palestine<\/strong><\/p>\n\n\n\n<p>W<strong>e organise initiatives in every country against the armament of war! The warmongering plans of Brussels and the governments of whatever colour can find obstacles to the mass, organised struggle of the peoples!<\/strong><\/p>\n\n\n\n<p><strong><span style=\"background-color:#f7cc62\" class=\"td_text_highlight_marker\">ESP<\/span><\/strong><\/p>\n\n\n\n<p><strong>\u00a1No al rearme europeo, no a la guerra! \u00a1S\u00ed a los recursos para salarios, pensiones, salud, trabajo!<\/strong><\/p>\n\n\n\n<p><br><strong>La Oficina Europea de la FSM condena inequ\u00edvocamente las peligrosas y antipopulares decisiones de la Cumbre de la Comisi\u00f3n de la UE de financiar 800 000 millones de euros para armamento militar en el marco del proyecto ReArm EUROPE. <\/strong><\/p>\n\n\n\n<p>Hacemos un llamamiento contundente a todos los afiliados de la FSM para que organicen y apoyen la lucha contra la carrera armament\u00edstica y la militarizaci\u00f3n.<br>La determinaci\u00f3n de la Comisi\u00f3n Europea de destinar 800 000 millones de euros al rearme de la Uni\u00f3n Europea es una decisi\u00f3n grave e inaceptable que prepara un futuro de conflicto para los pueblos europeos.<br>La ruptura no formal del hist\u00f3rico bloque atl\u00e1ntico con EE. UU. Est\u00e1 acelerando la construcci\u00f3n del polo imperialista europeo. Para competir con los dem\u00e1s, tiene que armarse, construir apresuradamente su propio ej\u00e9rcito, equiparse con armas adecuadas para una guerra en el siglo XXI y centralizar las decisiones sobrepol\u00edtica exterior y defensa.<br>Es evidente que el costo del rearme recaer\u00e1 en los trabajadores, en la gente com\u00fan, a trav\u00e9s de nuevos impuestos, recortes en el bienestar, salarios y gasto social. Es m\u00e1s que evidente que los gobiernos nacionales tambi\u00e9n intentar\u00e1n recortar a\u00fan m\u00e1s los derechos sociales y civiles para evitar que la gente se manifieste, luche y se organice contra la guerra y elgasto militar.<br>Eurof, ha demostrado su firme oposici\u00f3n a las restricciones presupuestarias y elPacto de Estabilidad, ha se\u00f1alado con firmeza que estas medidas han sido utilizadas para reducir el gasto social y han impedido que los pa\u00edses europeos destinen fondos a \u00e1reas cruciales como salarios, pensiones, salud y educaci\u00f3n. La Comisi\u00f3n Europea ha tomado la decisi\u00f3n de autorizar el levantamiento de las restricciones presupuestarias y la ruptura del Pacto de Estabilidad, exclusivamente para favorecer un mayor financiamiento del gasto militar.<br>Mientras la crisis industrial devora f\u00e1bricas y destruye cientos de miles de puestos de trabajo, la naturaleza de la producci\u00f3n est\u00e1 cambiando al reconvertirse, especialmente en el sector del autom\u00f3vil, en producci\u00f3n de armas, lo que enriquecer\u00e1 a\u00fan m\u00e1s al gran capital, que se est\u00e1 transformando r\u00e1pidamente para invertir en el sector militar.<\/p>\n\n\n\n<p><strong><br>\u00a1DETENGAMOS EL \u00abREARME DE EUROPA\u00bb!<br>\u00a1No a los sacrificios para la guerra! \u00a1Paz y prosperidad para los pueblos!<br>\u00a1Con los sindicatos militantes en primera l\u00ednea por la paz, reforcemos nuestra solidaridad con el heroico pueblo de Palestina!<br>\u00a1Organicemos iniciativas en todos los pa\u00edses contra el armamento de guerra!<br>\u00a1Los planes belicistas de Bruselas y de los gobiernos, sean del color que sean, encontrar\u00e1n obst\u00e1culos en la lucha masiva y organizada de los pueblos!<\/strong><\/p>\n\n\n\n<p><\/p>\n\n\n\n<p><strong><span style=\"background-color:#f7cc62\" class=\"td_text_highlight_marker\">FRA<\/span><\/strong><\/p>\n\n\n\n<p><strong><span class=\"td_text_columns_two_cols\">Non au r\u00e9armement europ\u00e9en, non \u00e0 la guerre !<\/span>Oui aux ressources pour les salaires, les pensions, la sant\u00e9, le travail!<\/strong><\/p>\n\n\n\n<p><br><strong>Le Bureau europ\u00e9en de la FSM condamne les d\u00e9cisions dangereuses et antipopulaires du Sommet de la Commission europ\u00e9enne qui consiste \u00e0 financer 800 milliards d&#8217;euros pour l&#8217;armement militaire dans le cadre du projet ReArm EUROPE.<\/strong><br>Il appelle \u00e9galement tous les affili\u00e9s de la FSM \u00e0 organiser et \u00e0 soutenir la lutte contre la course aux armements et la militarisation.<br>La d\u00e9cision de la Commission europ\u00e9enne d&#8217;allouer 800 milliards d&#8217;euros au r\u00e9armement de l&#8217;UE est grave et inacceptable. Elle pr\u00e9pare un avenir de guerre pour les peuples d&#8217;Europe. La rupture non formelle du bloc atlantique historique avec les \u00c9tats-Unis acc\u00e9l\u00e8re la construction du p\u00f4le imp\u00e9rialiste europ\u00e9en qui, pour rivaliser avec les autres, doit s&#8217;armer, construire \u00e0 la h\u00e2te sa propre arm\u00e9e, se doter d&#8217;armes adapt\u00e9es \u00e0 une guerre au XXIe si\u00e8cle et centraliser les d\u00e9cisions en mati\u00e8re de politique \u00e9trang\u00e8re et de d\u00e9fense.<br>Il ne fait aucun doute que les co\u00fbts du r\u00e9armement seront support\u00e9s par les travailleurs et les gens ordinaires, par le biais de nouveaux imp\u00f4ts, de r\u00e9ductions de la protection sociale, des salaires et des d\u00e9penses sociales. Il ne fait aucun doute non plus que les gouvernements nationaux tenteront de r\u00e9duire encore davantage les droits sociaux et civils pour emp\u00eacher les gens de manifester, de lutter et de s&#8217;organiser contre la guerre et les d\u00e9penses militaires.<br>Eurof, farouche opposant historique aux restrictions budg\u00e9taires et au Pacte de stabilit\u00e9, s&#8217;insurge contre la d\u00e9cision de la Commission europ\u00e9enne. Ces politiques, qui ont servi uniquement \u00e0 r\u00e9duire les d\u00e9penses sociales, ont entrav\u00e9 la capacit\u00e9 des pays europ\u00e9ens \u00e0 investir dans des secteurs essentiels: salaires, pensions, sant\u00e9 et \u00e9ducation. Eurof d\u00e9nonce avec force la d\u00e9cision d&#8217;autoriser la le-<br>v\u00e9e des restrictions budg\u00e9taires et la rupture du Pacte de stabilit\u00e9, une man\u0153uvre purement destin\u00e9e \u00e0 augmenter les fonds allou\u00e9s aux d\u00e9penses militaires.<br>Alors que la crise industrielle d\u00e9vore les usines et d\u00e9truit des centaines de milliers d&#8217;emplois, on change la nature de la production en la convertissant, notamment dans le secteur automobile, en production d&#8217;armes, ce qui enrichira encore plus le grand capital, qui se reconvertit rapidement pour investir dans le secteur militaire.<\/p>\n\n\n\n<p><strong>ARR\u00caTEZ LE \u00ab R\u00c9ARMEMENT DE L&#8217;EUROPE<br>Pas de sacrifice pour la guerre !Paix et prosp\u00e9rit\u00e9 pour les peuples !<br>Avec les syndicats militants en premi\u00e8re ligne pour la paix, renfor\u00e7ons notre solidarit\u00e9 avec le peuple h\u00e9ro\u00efque de Palestine !<br>Nous organisons des initiatives dans tous les pays contre l&#8217;armement de guerre !<br>Les plans bellicistes de Bruxelles et des gouvernements (quelle que soit leur couleur) ne peuvent trouver d&#8217;obstacles \u00e0 la lutte massive et organis\u00e9e des peuples !<\/strong><\/p>\n","protected":false},"excerpt":{"rendered":"<p>The European Office of the WFTU condemns the dangerous and anti-grass roots decisions of the EU Commission Summit to finance 800 billion Euros for military armament under the project ReArm EUROPE and calls upon all WFTU affiliates to organize and support the struggle against the arms race and militarization.The decision of the EU Commission to [&hellip;]<\/p>\n","protected":false},"author":2,"featured_media":4218,"comment_status":"open","ping_status":"open","sticky":false,"template":"","format":"standard","meta":{"tdm_status":"","tdm_grid_status":"","footnotes":""},"categories":[5,1],"tags":[],"class_list":{"0":"post-4217","1":"post","2":"type-post","3":"status-publish","4":"format-standard","5":"has-post-thumbnail","7":"category-latest_events_across_europe","8":"category-uncategorized"},"_links":{"self":[{"href":"https:\/\/eurof-wftu.eu\/index.php?rest_route=\/wp\/v2\/posts\/4217","targetHints":{"allow":["GET"]}}],"collection":[{"href":"https:\/\/eurof-wftu.eu\/index.php?rest_route=\/wp\/v2\/posts"}],"about":[{"href":"https:\/\/eurof-wftu.eu\/index.php?rest_route=\/wp\/v2\/types\/post"}],"author":[{"embeddable":true,"href":"https:\/\/eurof-wftu.eu\/index.php?rest_route=\/wp\/v2\/users\/2"}],"replies":[{"embeddable":true,"href":"https:\/\/eurof-wftu.eu\/index.php?rest_route=%2Fwp%2Fv2%2Fcomments&post=4217"}],"version-history":[{"count":3,"href":"https:\/\/eurof-wftu.eu\/index.php?rest_route=\/wp\/v2\/posts\/4217\/revisions"}],"predecessor-version":[{"id":4221,"href":"https:\/\/eurof-wftu.eu\/index.php?rest_route=\/wp\/v2\/posts\/4217\/revisions\/4221"}],"wp:featuredmedia":[{"embeddable":true,"href":"https:\/\/eurof-wftu.eu\/index.php?rest_route=\/wp\/v2\/media\/4218"}],"wp:attachment":[{"href":"https:\/\/eurof-wftu.eu\/index.php?rest_route=%2Fwp%2Fv2%2Fmedia&parent=4217"}],"wp:term":[{"taxonomy":"category","embeddable":true,"href":"https:\/\/eurof-wftu.eu\/index.php?rest_route=%2Fwp%2Fv2%2Fcategories&post=4217"},{"taxonomy":"post_tag","embeddable":true,"href":"https:\/\/eurof-wftu.eu\/index.php?rest_route=%2Fwp%2Fv2%2Ftags&post=4217"}],"curies":[{"name":"wp","href":"https:\/\/api.w.org\/{rel}","templated":true}]}}