{"id":3717,"date":"2024-10-30T17:22:23","date_gmt":"2024-10-30T15:22:23","guid":{"rendered":"https:\/\/eurof-wftu.eu\/?p=3717"},"modified":"2024-10-30T17:22:24","modified_gmt":"2024-10-30T15:22:24","slug":"solidaridad-con-los-afectados-por-las-inundaciones-en-sevilla","status":"publish","type":"post","link":"https:\/\/eurof-wftu.eu\/?p=3717","title":{"rendered":"Solidaridad con los afectados por las inundaciones en Sevilla"},"content":{"rendered":"\n<p>La Oficina Regional Europea de la Federaci\u00f3n Sindical Mundial env\u00eda sus condolencias y solidaridad a los trabajadores y al pueblo de Valencia y de la Comunidad Valenciana por las graves p\u00e9rdidas causadas por los violentos fen\u00f3menos meteorol\u00f3gicos que est\u00e1n asolando la regi\u00f3n.<\/p>\n\n\n\n<p>Estos fen\u00f3menos est\u00e1n causando grav\u00edsimos da\u00f1os por la falta de cuidado del territorio, prevenci\u00f3n y protecci\u00f3n civil.<\/p>\n\n\n\n<p>Quienes pagan las consecuencias de las pol\u00edticas que provocan la devastaci\u00f3n de la tierra y graves da\u00f1os a la salud son los trabajadores y las clases populares, que se encuentran m\u00e1s indefensos que nadie ante estos fen\u00f3menos meteorol\u00f3gicos, que son el resultado de la agresi\u00f3n del capital a la naturaleza, del consumo de la tierra y del robo de los territorios.<\/p>\n\n\n\n<p>No se trata de accidentes imprevisibles, sino de las consecuencias de las decisiones pol\u00edticas del capital y de la patronal.<\/p>\n\n\n\n<p>Estamos a vuestro lado en vuestro dolor y rabia.<\/p>\n\n\n\n<p>p\/EUROF \u2013 FSM<\/p>\n\n\n\n<p>Pierpaolo Leonardi<\/p>\n","protected":false},"excerpt":{"rendered":"<p>La Oficina Regional Europea de la Federaci\u00f3n Sindical Mundial env\u00eda sus condolencias y solidaridad a los trabajadores y al pueblo de Valencia y de la Comunidad Valenciana por las graves p\u00e9rdidas causadas por los violentos fen\u00f3menos meteorol\u00f3gicos que est\u00e1n asolando la regi\u00f3n. Estos fen\u00f3menos est\u00e1n causando grav\u00edsimos da\u00f1os por la falta de cuidado del territorio, [&hellip;]<\/p>\n","protected":false},"author":4,"featured_media":3718,"comment_status":"open","ping_status":"open","sticky":false,"template":"","format":"standard","meta":{"tdm_status":"","tdm_grid_status":"","footnotes":""},"categories":[5],"tags":[],"class_list":{"0":"post-3717","1":"post","2":"type-post","3":"status-publish","4":"format-standard","5":"has-post-thumbnail","7":"category-latest_events_across_europe"},"_links":{"self":[{"href":"https:\/\/eurof-wftu.eu\/index.php?rest_route=\/wp\/v2\/posts\/3717","targetHints":{"allow":["GET"]}}],"collection":[{"href":"https:\/\/eurof-wftu.eu\/index.php?rest_route=\/wp\/v2\/posts"}],"about":[{"href":"https:\/\/eurof-wftu.eu\/index.php?rest_route=\/wp\/v2\/types\/post"}],"author":[{"embeddable":true,"href":"https:\/\/eurof-wftu.eu\/index.php?rest_route=\/wp\/v2\/users\/4"}],"replies":[{"embeddable":true,"href":"https:\/\/eurof-wftu.eu\/index.php?rest_route=%2Fwp%2Fv2%2Fcomments&post=3717"}],"version-history":[{"count":1,"href":"https:\/\/eurof-wftu.eu\/index.php?rest_route=\/wp\/v2\/posts\/3717\/revisions"}],"predecessor-version":[{"id":3719,"href":"https:\/\/eurof-wftu.eu\/index.php?rest_route=\/wp\/v2\/posts\/3717\/revisions\/3719"}],"wp:featuredmedia":[{"embeddable":true,"href":"https:\/\/eurof-wftu.eu\/index.php?rest_route=\/wp\/v2\/media\/3718"}],"wp:attachment":[{"href":"https:\/\/eurof-wftu.eu\/index.php?rest_route=%2Fwp%2Fv2%2Fmedia&parent=3717"}],"wp:term":[{"taxonomy":"category","embeddable":true,"href":"https:\/\/eurof-wftu.eu\/index.php?rest_route=%2Fwp%2Fv2%2Fcategories&post=3717"},{"taxonomy":"post_tag","embeddable":true,"href":"https:\/\/eurof-wftu.eu\/index.php?rest_route=%2Fwp%2Fv2%2Ftags&post=3717"}],"curies":[{"name":"wp","href":"https:\/\/api.w.org\/{rel}","templated":true}]}}