{"id":3514,"date":"2024-09-06T11:15:40","date_gmt":"2024-09-06T09:15:40","guid":{"rendered":"https:\/\/eurof-wftu.eu\/?p=3514"},"modified":"2024-09-06T11:15:41","modified_gmt":"2024-09-06T09:15:41","slug":"portugal-fectrans-geve-dos-pilotos-de-barra-e-portos","status":"publish","type":"post","link":"https:\/\/eurof-wftu.eu\/?p=3514","title":{"rendered":"Portugal: FECTRANS, geve dos pilotos de barra e portos"},"content":{"rendered":"\n<p>Greve Pilotos de Barra e PortosOs pilotos de barra e portos v\u00e3o estar novamente em greve, em 3 per\u00edodos de luta com in\u00edcio a 16 de Setembro, no seguinte esquema:<\/p>\n\n\n\n<ul class=\"wp-block-list\">\n<li>1\u00ba per\u00edodo: das 07:00 horas do dia 16 de Setembro \u00e0s 07:00 horas do dia 18 de Setembro de 2024;<\/li>\n\n\n\n<li>2\u00ba per\u00edodo: das 07:00 horas do dia 23 de Setembro \u00e0s 07:00 horas do dia 25 de Setembro de 2024;<\/li>\n\n\n\n<li>3\u00ba per\u00edodo:\u00a0 das 07:00 horas do dia 30 de Setembro \u00e0s 07:00 horas do dia 02 de Outubro de 2024.<\/li>\n<\/ul>\n\n\n\n<p>Esta greve convocada pelo Sindicato OFICIAISMAR\/FECTRANS e pelo SINCOMAR, tem por reivindica\u00e7\u00e3o:<\/p>\n\n\n\n<p>Consagra\u00e7\u00e3o e implementa\u00e7\u00e3o do direito dos Pilotos de Barra e Portos de aceder \u00e0 pr\u00e9-reforma a partir dos 60 anos de idade e \u00e0 reforma a partir dos 65 anos de idade, com condi\u00e7\u00f5es justas e dignas, em fun\u00e7\u00e3o do reconhecimento da natureza de risco, especialmente penosa e desgastante, da actividade profissional exercida pelo pessoal t\u00e9cnico de pilotagem ao servi\u00e7o das administra\u00e7\u00f5es portu\u00e1rias.<\/p>\n\n\n\n<p>Esta \u00e9 uma reivindica\u00e7\u00e3o dos trabalhadores, mas tamb\u00e9m do interesse das autoridades portu\u00e1rias, com as quais j\u00e1 h\u00e1 um acordo de 2019 feito com o aval do governo da altura, mas depois os governos que lhe seguiram n\u00e3o o cumpriram.<\/p>\n\n\n\n<p>O pr\u00e9-aviso de greve foi entregue em 29 de Julho e at\u00e9 \u00e0 data o governo que tem a chave para resolu\u00e7\u00e3o do conflito, ainda n\u00e3o deu nenhum sinal de querer resolver um problema que se arrasta e que estava a ter desenvolvimentos antes da queda do governo anterior.<\/p>\n","protected":false},"excerpt":{"rendered":"<p>Greve Pilotos de Barra e PortosOs pilotos de barra e portos v\u00e3o estar novamente em greve, em 3 per\u00edodos de luta com in\u00edcio a 16 de Setembro, no seguinte esquema: Esta greve convocada pelo Sindicato OFICIAISMAR\/FECTRANS e pelo SINCOMAR, tem por reivindica\u00e7\u00e3o: Consagra\u00e7\u00e3o e implementa\u00e7\u00e3o do direito dos Pilotos de Barra e Portos de aceder [&hellip;]<\/p>\n","protected":false},"author":4,"featured_media":3515,"comment_status":"open","ping_status":"open","sticky":false,"template":"","format":"standard","meta":{"tdm_status":"","tdm_grid_status":"","footnotes":""},"categories":[5],"tags":[],"class_list":{"0":"post-3514","1":"post","2":"type-post","3":"status-publish","4":"format-standard","5":"has-post-thumbnail","7":"category-latest_events_across_europe"},"_links":{"self":[{"href":"https:\/\/eurof-wftu.eu\/index.php?rest_route=\/wp\/v2\/posts\/3514","targetHints":{"allow":["GET"]}}],"collection":[{"href":"https:\/\/eurof-wftu.eu\/index.php?rest_route=\/wp\/v2\/posts"}],"about":[{"href":"https:\/\/eurof-wftu.eu\/index.php?rest_route=\/wp\/v2\/types\/post"}],"author":[{"embeddable":true,"href":"https:\/\/eurof-wftu.eu\/index.php?rest_route=\/wp\/v2\/users\/4"}],"replies":[{"embeddable":true,"href":"https:\/\/eurof-wftu.eu\/index.php?rest_route=%2Fwp%2Fv2%2Fcomments&post=3514"}],"version-history":[{"count":1,"href":"https:\/\/eurof-wftu.eu\/index.php?rest_route=\/wp\/v2\/posts\/3514\/revisions"}],"predecessor-version":[{"id":3516,"href":"https:\/\/eurof-wftu.eu\/index.php?rest_route=\/wp\/v2\/posts\/3514\/revisions\/3516"}],"wp:featuredmedia":[{"embeddable":true,"href":"https:\/\/eurof-wftu.eu\/index.php?rest_route=\/wp\/v2\/media\/3515"}],"wp:attachment":[{"href":"https:\/\/eurof-wftu.eu\/index.php?rest_route=%2Fwp%2Fv2%2Fmedia&parent=3514"}],"wp:term":[{"taxonomy":"category","embeddable":true,"href":"https:\/\/eurof-wftu.eu\/index.php?rest_route=%2Fwp%2Fv2%2Fcategories&post=3514"},{"taxonomy":"post_tag","embeddable":true,"href":"https:\/\/eurof-wftu.eu\/index.php?rest_route=%2Fwp%2Fv2%2Ftags&post=3514"}],"curies":[{"name":"wp","href":"https:\/\/api.w.org\/{rel}","templated":true}]}}