{"id":2458,"date":"2023-04-20T11:35:59","date_gmt":"2023-04-20T09:35:59","guid":{"rendered":"https:\/\/eurof-wftu.eu\/?p=2458"},"modified":"2023-04-20T11:45:55","modified_gmt":"2023-04-20T09:45:55","slug":"france-le-53eme-congres-de-la-cgt-elements-danalyse-et-perspectives","status":"publish","type":"post","link":"https:\/\/eurof-wftu.eu\/?p=2458","title":{"rendered":"France. Le 53\u00e8me Congr\u00e8s de la CGT: \u00e9l\u00e9ments d\u2019analyse et perspectives"},"content":{"rendered":"\n<p>Alors que le 53\u00e8me Congr\u00e8s se cl\u00f4t, nous mettons dans le d\u00e9bat contradictoire certains \u00e9l\u00e9ments d\u2019analyse. Jamais Unit\u00e9 CGT n\u2019est rentr\u00e9 dans un d\u00e9bat sur les personnes au d\u00e9triment des choix politiques qu\u2019elles et qu\u2019ils incarnent, comme de la vision du syndicalisme qu\u2019elles et qu\u2019ils d\u00e9fendent. Aussi, nous regrettons que l\u2019ensemble de celles et ceux qui ont pris part au d\u00e9bat n\u2019aient pas eu la m\u00eame cons\u00e9quence et d\u00e9non\u00e7ons celles et ceux qui s\u2019offusquent vainement de la violence des d\u00e9bats qu\u2019elles et qu\u2019ils ont tout fait pour \u00e9touffer.<\/p>\n\n\n\n<p><strong>Que retenir du Congr\u00e8s apr\u00e8s l\u2019\u00e9lection de la Commission Ex\u00e9cutive Conf\u00e9d\u00e9rale, du Bureau conf\u00e9d\u00e9ral et de Sophie Binet comme SG de la Conf\u00e9d\u00e9ration CGT?<\/strong><\/p>\n\n\n\n<p>1\/ Olivier Mateu, SG de l\u2019UD CGT 13 et Emmanuel L\u00e9pine, SG de la FNIC CGT sont \u00e9cart\u00e9s par des man\u0153uvres d\u2019un autre \u00e2ge de la direction conf\u00e9d\u00e9rale : un message d\u00e9sastreux pour l\u2019ensemble de la classe ouvri\u00e8re en lutte.<\/p>\n\n\n\n<p>2\/ Malgr\u00e9 la remise en cause de la direction sortante par le Congr\u00e8s et le rejet par le Congr\u00e8s de plusieurs \u00e9l\u00e9ments ultra-nocifs (bilan de la direction et le collectif Plus jamais \u00e7a notamment), nous avons assist\u00e9 \u00e0 une r\u00e9volution de palais \u00e0 la t\u00eate de la direction conf\u00e9d\u00e9rale, en somme, \u201ctout changer pour que rien ne change\u201d<\/p>\n\n\n\n<p>3\/ La CGT sort divis\u00e9e de ce Congr\u00e8s. L\u2019unit\u00e9 r\u00e9elle passera par les orientations et le fond politique. Unit\u00e9CGT prendra toute sa place dans cette bataille des id\u00e9es.<\/p>\n\n\n\n<p>4\/ S\u2019il n\u2019y a pas de primaires \u00e0 la CGT, les man\u0153uvres pour emp\u00eacher, entre autres, Olivier Mateu, SG de l\u2019UD CGT 13, et Emmanuel L\u00e9pine, SG de la FNIC CGT d\u2019int\u00e9grer la direction conf\u00e9d\u00e9rale de la CGT auront r\u00e9v\u00e9l\u00e9 la progression du syndicalisme de classe et de masse dans la CGT.<\/p>\n\n\n\n<p>On comptabilisait en effet plus de 205 000 voix (port\u00e9s par les d\u00e9l\u00e9gu\u00e9s au Congr\u00e8s) de syndiqu\u00e9s en faveur du rajout des noms d\u2019Olivier Mateu, Emmanuel L\u00e9pine ou encore St\u00e9phane Debon (pour le CNTPEP) sur la liste des membres de la Commission Ex\u00e9cutive Conf\u00e9d\u00e9rale (CEC).<\/p>\n\n\n\n<p>Insuffisants pour d\u00e9bloquer le verrouillage de la liste, ces scores \u201chors normes\u201d traduisent, non pas une CGT fractur\u00e9e en \u201cbloc\u201d, mais bien la vigueur et la force grandissante d\u2019une sensibilit\u00e9 r\u00e9volutionnaire au sein de toute la CGT qui repr\u00e9sente un tr\u00e8s gros tiers des d\u00e9l\u00e9gu\u00e9s au Congr\u00e8s, et partant, sans doute bien davantage dans toute l\u2019organisation.<\/p>\n\n\n\n<p>Depuis le d\u00e9but, nous avons, davantage que les personnes, mis en avant la bataille des id\u00e9es, notamment par la Contribution aux d\u00e9bats, le concours au film \u201cPour une CGT \u00e0 la hauteur des enjeux\u201d, ou encore la participation aux d\u00e9bats militants organis\u00e9s dans plus d\u2019une dizaine de villes. Ces id\u00e9es, qui se sont incarn\u00e9es durant ce Congr\u00e8s en particulier sur la candidature d\u2019Olivier Mateu, ont progress\u00e9. Un rapide coup d\u2019\u0153il dans le r\u00e9troviseur le confirme.<\/p>\n\n\n\n<p><strong>Quelques \u00e9l\u00e9ments d\u2019analyse:<\/strong><\/p>\n\n\n\n<p>Le 53e Congr\u00e8s de la CGT a rejet\u00e9 le rapport d\u2019activit\u00e9 de la direction sortante. \u00c0 travers ce vote la majorit\u00e9 des congressistes a refus\u00e9 de valider le bilan de ces derni\u00e8res ann\u00e9es et plus globalement l\u2019acc\u00e9l\u00e9ration du recentrage de la CGT depuis les ann\u00e9es 90.<\/p>\n\n\n\n<p>Une telle d\u00e9cision est historique et prouve que le foss\u00e9 grandissant, entre les bases syndicales et la conf\u00e9d\u00e9ration, \u00e9tait bel et bien une r\u00e9alit\u00e9. Parmi les nombreuses interventions qui ont incarn\u00e9 cette volont\u00e9 de rupture avec une m\u00e9thode verticale et autoritaire, celle de Murielle Morand de la f\u00e9d\u00e9ration des industries chimiques s\u2019adressant directement \u00e0 Philippe Martinez pour lui demander qui lui avait donn\u00e9 mandat pour parler de m\u00e9diation alors que \u00ab les travailleurs sont dans la rue \u00bb. Ce qui a \u00e9t\u00e9 rejet\u00e9 c\u2019est bien d\u2019une part la d\u00e9rive r\u00e9formiste de la direction conf\u00e9d\u00e9rale et le verrouillage bureaucratique qui va de pair.<\/p>\n\n\n\n<p>Le Congr\u00e8s a ainsi, dans les faits, r\u00e9affirm\u00e9 que l\u2019outil conf\u00e9d\u00e9ral appartient d\u2019abord, avant tout et seulement aux syndicats, \u00e0 leurs syndiqu\u00e9es et syndiqu\u00e9s, qu\u2019il s\u2019agit l\u00e0 d\u2019un outil b\u00e2ti pour la lutte et non pour commenter \u2013 en observateur ext\u00e9rieur \u00e0 coup de communiqu\u00e9 \u2013 les luttes sociales. L\u2019outil conf\u00e9d\u00e9ral est le levier essentiel \u00e0 la convergence des col\u00e8res et \u00e0 la conf\u00e9d\u00e9ralisation de toutes les luttes men\u00e9es par l\u2019ensemble des secteurs professionnels.<\/p>\n\n\n\n<p>La d\u00e9cision de sortir du collectif Plus Jamais \u00e7a, accompagn\u00e9s par de virulentes critiques, tant dans le fond que la forme, a \u00e9galement donn\u00e9 raison \u00e0 celles et ceux qui ont toujours \u00e9t\u00e9 en opposition avec le Collectif plus jamais \u00e7a, puisque le Congr\u00e8s a clairement exprim\u00e9 et son refus du collectif plus jamais \u00e7a et son exigence du respect de la d\u00e9mocratie syndicale.<\/p>\n\n\n\n<p>Une deuxi\u00e8me fois au sujet de la recomposition syndicale. L\u00e0 encore les congressistes ont gagn\u00e9 une clarification au sein de la commission et dans les d\u00e9bats en salle sur cette strat\u00e9gie. En l\u2019\u00e9tat, les discussions avec d\u2019autres organisations syndicales, notamment la FSU et Solidaires, n\u2019\u00e9tant pas discut\u00e9es au sein des syndicats, cette recomposition n\u2019aura pas lieu.<\/p>\n\n\n\n<p>Par ses d\u00e9lib\u00e9rations, ce congr\u00e8s in\u00e9dit et historique a montr\u00e9 que la majorit\u00e9 des syndicats CGT ont envoy\u00e9 des d\u00e9l\u00e9gu\u00e9s qui ont mis en \u00e9chec les projets et orientations de la direction sortante. Toutefois, des questions de fond \u2013 strat\u00e9giques \u2013 pour notre organisation n\u2019ont pas \u00e9t\u00e9 trait\u00e9es.<\/p>\n\n\n\n<p>Si certaines et certains voudraient faire croire que le vote du document d\u2019orientation a effac\u00e9 le rejet du document d\u2019orientation, par ces interventions et ces votes les congressistes ont pris position contre ces choix d\u2019orientation si structurants pour l\u2019activit\u00e9 de la CGT.<\/p>\n\n\n\n<p>Il est \u00e9galement primordial de rappeler qu\u2019une minorit\u00e9 d\u2019amendements a pu \u00eatre d\u00e9fendue, et on ne peut que regretter que ceux concernant le nouveau statut du travailleur salari\u00e9 n\u2019aient pas \u00e9t\u00e9 suffisamment discut\u00e9s, alors que cette orientation est au c\u0153ur du recentrage r\u00e9formiste de la CGT. Un autre sujet majeur n\u2019a pas \u00e9t\u00e9 discut\u00e9 : la place des priv\u00e9s d\u2019emploi dans la CGT, la place du Comit\u00e9 national des travailleurs priv\u00e9s d\u2019emploi et pr\u00e9caires (CNTPEP) en tant qu\u2019organisation souveraine pleinement reconnue au sein de la CGT.<\/p>\n\n\n\n<p>De m\u00eame, les congressistes ont \u00e0 plusieurs reprises formul\u00e9 le d\u00e9sir que l\u2019ensemble des syndicats se saisissent des questions li\u00e9es aux relations internationales, notamment le d\u00e9bat FSM\/CSI-CES, en vue du 54\u00e8me Congr\u00e8s. La prochaine direction conf\u00e9d\u00e9rale se doit de favoriser les conditions n\u00e9cessaires pour que ce d\u00e9bat ait lieu dans l\u2019organisation.&nbsp;<\/p>\n\n\n\n<p>Le rejet du rapport d\u2019activit\u00e9 aurait d\u00fb amener \u00e0 cette discussion essentielle au regard des valeurs d\u00e9mocratiques de notre organisation syndicale.<\/p>\n\n\n\n<p><strong>Et maintenant?<\/strong><\/p>\n\n\n\n<p>Le CCN a bataill\u00e9 contre la CEC sortante et s\u2019est m\u00eame impos\u00e9 \u00e0 la nouvelle CEC \u00e9lue. S\u2019il est \u00e9vident que les choix exprim\u00e9s par la majorit\u00e9 des congressistes ont favoris\u00e9 ce r\u00e9\u00e9quilibrage entre la CEC et le CCN, il faudra esp\u00e9rer que ce temps du congr\u00e8s ne soit pas qu\u2019une simple parenth\u00e8se mais bien le d\u00e9but d\u2019une volont\u00e9 de faire commun dans la CGT !<\/p>\n\n\n\n<p>Le Bureau conf\u00e9d\u00e9ral sera observ\u00e9. Malgr\u00e9 un pl\u00e9biscite des congressistes pour d\u00e9jouer les man\u0153uvres de la direction sortante, les dirigeants de l\u2019UD CGT 13 et de la FNIC CGT se trouvent exclus de la direction conf\u00e9d\u00e9rale. Les 205 000 voix port\u00e9es sur les candidatures d\u2019Olivier Mateu et Emmanuel L\u00e9pine (36% des voix des congressistes) ont prouv\u00e9 que nos id\u00e9es, qui s\u2019incarnent dans un syndicalisme CGT offensif, de classe et de masse, pr\u00e9valent largement, si ce n\u2019est majoritairement, dans la CGT. Dans ces conditions, rassembler ne peut pas \u00eatre une incantation creuse, il faut le vouloir. Cette unit\u00e9 suppose donc des actes forts de la nouvelle direction.<\/p>\n\n\n\n<p>La volont\u00e9 r\u00e9affirm\u00e9e par les congressistes de renouer avec un syndicalisme CGT de classe et de masse assumant sa port\u00e9e r\u00e9volutionnaire, doit se concr\u00e9tiser dans la construction conf\u00e9d\u00e9ralis\u00e9e des luttes \u00e0 commencer par celle des retraites, dans la mise en place de campagnes nationales de d\u00e9fense et de reconqu\u00eate de l\u2019outil industriel, de d\u00e9fense et de d\u00e9veloppement des services publics, de d\u00e9fense et d\u2019extension des droits sociaux et syndicaux notamment ceux garantis par la S\u00e9curit\u00e9 sociale.<\/p>\n\n\n\n<p>Cette volont\u00e9 doit \u00e9galement s\u2019illustrer par l\u2019articulation de l\u2019ensemble de nos revendications avec la n\u00e9cessaire rupture r\u00e9volutionnaire avec la soci\u00e9t\u00e9 capitaliste qui condamne l\u2019avenir du genre humain. Seule l\u2019abolition du salariat et du patronat, par la socialisation des grands moyens de production et d\u2019\u00e9change, permettra de r\u00e9concilier l\u2019humanit\u00e9 et son environnement.<\/p>\n\n\n\n<p>L\u00e0 o\u00f9 il y a une volont\u00e9 il y a un chemin, faut-il encore la volont\u00e9 de le trouver. Rappelons \u00e9galement que de tr\u00e8s nombreux points fondamentaux n\u2019ont pas \u00e9t\u00e9 abord\u00e9s et donc tranch\u00e9s par le Congr\u00e8s. L\u00e0 encore, la bataille des id\u00e9es devra se poursuivre. Unit\u00e9CGT r\u00e9pond et r\u00e9pondra pr\u00e9sent!<\/p>\n\n\n\n<p><a href=\"https:\/\/unitecgt.fr\/congres-cgt-analyse-perspectives\/?fbclid=IwAR15iuiaeo0uQnBCjYM1WVkiTeDYNlk1mgHSh8UFnqyPK4QmgzWe41WAZIE\">Unit\u00e9 CGT<\/a><\/p>\n","protected":false},"excerpt":{"rendered":"<p>Alors que le 53\u00e8me Congr\u00e8s se cl\u00f4t, nous mettons dans le d\u00e9bat contradictoire certains \u00e9l\u00e9ments d\u2019analyse. Jamais Unit\u00e9 CGT n\u2019est rentr\u00e9 dans un d\u00e9bat sur les personnes au d\u00e9triment des choix politiques qu\u2019elles et qu\u2019ils incarnent, comme de la vision du syndicalisme qu\u2019elles et qu\u2019ils d\u00e9fendent. Aussi, nous regrettons que l\u2019ensemble de celles et ceux [&hellip;]<\/p>\n","protected":false},"author":4,"featured_media":2459,"comment_status":"open","ping_status":"open","sticky":false,"template":"","format":"standard","meta":{"tdm_status":"","tdm_grid_status":"","footnotes":""},"categories":[5],"tags":[],"class_list":{"0":"post-2458","1":"post","2":"type-post","3":"status-publish","4":"format-standard","5":"has-post-thumbnail","7":"category-latest_events_across_europe"},"_links":{"self":[{"href":"https:\/\/eurof-wftu.eu\/index.php?rest_route=\/wp\/v2\/posts\/2458","targetHints":{"allow":["GET"]}}],"collection":[{"href":"https:\/\/eurof-wftu.eu\/index.php?rest_route=\/wp\/v2\/posts"}],"about":[{"href":"https:\/\/eurof-wftu.eu\/index.php?rest_route=\/wp\/v2\/types\/post"}],"author":[{"embeddable":true,"href":"https:\/\/eurof-wftu.eu\/index.php?rest_route=\/wp\/v2\/users\/4"}],"replies":[{"embeddable":true,"href":"https:\/\/eurof-wftu.eu\/index.php?rest_route=%2Fwp%2Fv2%2Fcomments&post=2458"}],"version-history":[{"count":2,"href":"https:\/\/eurof-wftu.eu\/index.php?rest_route=\/wp\/v2\/posts\/2458\/revisions"}],"predecessor-version":[{"id":2468,"href":"https:\/\/eurof-wftu.eu\/index.php?rest_route=\/wp\/v2\/posts\/2458\/revisions\/2468"}],"wp:featuredmedia":[{"embeddable":true,"href":"https:\/\/eurof-wftu.eu\/index.php?rest_route=\/wp\/v2\/media\/2459"}],"wp:attachment":[{"href":"https:\/\/eurof-wftu.eu\/index.php?rest_route=%2Fwp%2Fv2%2Fmedia&parent=2458"}],"wp:term":[{"taxonomy":"category","embeddable":true,"href":"https:\/\/eurof-wftu.eu\/index.php?rest_route=%2Fwp%2Fv2%2Fcategories&post=2458"},{"taxonomy":"post_tag","embeddable":true,"href":"https:\/\/eurof-wftu.eu\/index.php?rest_route=%2Fwp%2Fv2%2Ftags&post=2458"}],"curies":[{"name":"wp","href":"https:\/\/api.w.org\/{rel}","templated":true}]}}