{"id":1949,"date":"2022-12-30T11:47:10","date_gmt":"2022-12-30T09:47:10","guid":{"rendered":"https:\/\/eurof-wftu.eu\/?p=1949"},"modified":"2022-12-30T11:47:11","modified_gmt":"2022-12-30T09:47:11","slug":"la-fsm-soutient-la-greve-des-gaziers-de-grdf-en-france-et-salue-leurs-actions-de-remise-en-service-du-gaz-dans-les-foyers-modestes","status":"publish","type":"post","link":"https:\/\/eurof-wftu.eu\/?p=1949","title":{"rendered":"La FSM soutient la gr\u00e8ve des gaziers de GRDF en France et salue leurs actions de remise en service du gaz dans les foyers modestes"},"content":{"rendered":"\n<p>La F\u00e9d\u00e9ration Syndicale Mondiale, qui repr\u00e9sente 105 Millions d\u2019affili\u00e9s dans 130 pays sur les 5 continents, r\u00e9affirme son soutien sans faille aux travailleurs de GRDF en France et \u00e0 leur F\u00e9d\u00e9ration CGT des mines et de l\u2019\u00e9nergie (FNME CGT), qui se battent depuis des semaines par la gr\u00e8ve pour obtenir des augmentations de salaires, au m\u00eame niveau que leurs coll\u00e8gues \u00e9lectriciens.<\/p>\n\n\n\n<p>Alors que la France avait un des meilleur r\u00e9seau d\u2019\u00e9lectricit\u00e9 et de gaz au monde, depuis la nationalisation d\u2019EDF-GDF par le grand militant Marcel Paul apr\u00e8s la guerre, la politique de s\u00e9paration et de privatisation des industries \u00e9lectriques et gazi\u00e8res de France s\u2019est faite au b\u00e9n\u00e9fice d\u2019actionnaires priv\u00e9s et au d\u00e9triment des usagers comme des agents.<\/p>\n\n\n\n<p>Pour les agents : la casse du statut, le blocage des embauches et des salaires ; pour les usagers : l\u2019explosion des prix et des coupures de courant !<\/p>\n\n\n\n<p>La FSM a de nombreux Syndicat CGT locaux de l\u2019\u00c9nergie qui sont affili\u00e9s et qui sont dans la lutte : le Secr\u00e9taire G\u00e9n\u00e9ral de la FSM est d\u2019ailleurs venu \u00e0 la rencontre des gaziers en gr\u00e8ve sur leur piquet de Paris Nord, \u00e0 l\u2019invitation du Syndicat CGT \u00c9nergie de Paris (affili\u00e9 \u00e0 la FSM) pour les encourager sur la voie de la lutte.<\/p>\n\n\n\n<p>Depuis quelques semaines, en plus de la gr\u00e8ve, les gaziers multiplient une nouvelle forme de lutte : la remise en service du gaz dans les foyers modestes o\u00f9 il avait \u00e9t\u00e9 coup\u00e9. Malgr\u00e9 les menaces et la r\u00e9pression : ces \u00ab robins des bois \u00bb ouvriers ont repris en main leur outil de production pour r\u00e9tablir le gaz dans plus de 13000 foyers modestes de France !<\/p>\n\n\n\n<p>La FSM apporte son soutien sans faille \u00e0 cette forme de lutte, qui permet de r\u00e9tablir la justice sociale et de reprendre en mains son outil de travail, car seul le peuple sauvera le peuple !<\/p>\n\n\n\n<p>Les gr\u00e9vistes de GRDF et leur Syndicat de classe ouvre la voie : face \u00e0 la crise capitaliste et \u00e0 l\u2019appauvrissement des couches populaires, le salut de la classe ouvri\u00e8re se fera par la reprise en mains des moyens de production pour assurer la satisfaction des besoins populaires et une juste r\u00e9partition des fruits du travail des salari\u00e9s, sans parasitage capitaliste !<\/p>\n\n\n\n<p>Comme le disait le camarade C\u00e9dric, Secr\u00e9taire G\u00e9n\u00e9ral du Syndicat CGT \u00c9nergie Paris : \u00ab Nous travaillons, nous produisons, nous d\u00e9cidons ! \u00bb<\/p>\n","protected":false},"excerpt":{"rendered":"<p>La F\u00e9d\u00e9ration Syndicale Mondiale, qui repr\u00e9sente 105 Millions d\u2019affili\u00e9s dans 130 pays sur les 5 continents, r\u00e9affirme son soutien sans faille aux travailleurs de GRDF en France et \u00e0 leur F\u00e9d\u00e9ration CGT des mines et de l\u2019\u00e9nergie (FNME CGT), qui se battent depuis des semaines par la gr\u00e8ve pour obtenir des augmentations de salaires, au [&hellip;]<\/p>\n","protected":false},"author":4,"featured_media":1950,"comment_status":"open","ping_status":"open","sticky":false,"template":"","format":"standard","meta":{"tdm_status":"","tdm_grid_status":"","footnotes":""},"categories":[5],"tags":[],"class_list":{"0":"post-1949","1":"post","2":"type-post","3":"status-publish","4":"format-standard","5":"has-post-thumbnail","7":"category-latest_events_across_europe"},"_links":{"self":[{"href":"https:\/\/eurof-wftu.eu\/index.php?rest_route=\/wp\/v2\/posts\/1949","targetHints":{"allow":["GET"]}}],"collection":[{"href":"https:\/\/eurof-wftu.eu\/index.php?rest_route=\/wp\/v2\/posts"}],"about":[{"href":"https:\/\/eurof-wftu.eu\/index.php?rest_route=\/wp\/v2\/types\/post"}],"author":[{"embeddable":true,"href":"https:\/\/eurof-wftu.eu\/index.php?rest_route=\/wp\/v2\/users\/4"}],"replies":[{"embeddable":true,"href":"https:\/\/eurof-wftu.eu\/index.php?rest_route=%2Fwp%2Fv2%2Fcomments&post=1949"}],"version-history":[{"count":1,"href":"https:\/\/eurof-wftu.eu\/index.php?rest_route=\/wp\/v2\/posts\/1949\/revisions"}],"predecessor-version":[{"id":1951,"href":"https:\/\/eurof-wftu.eu\/index.php?rest_route=\/wp\/v2\/posts\/1949\/revisions\/1951"}],"wp:featuredmedia":[{"embeddable":true,"href":"https:\/\/eurof-wftu.eu\/index.php?rest_route=\/wp\/v2\/media\/1950"}],"wp:attachment":[{"href":"https:\/\/eurof-wftu.eu\/index.php?rest_route=%2Fwp%2Fv2%2Fmedia&parent=1949"}],"wp:term":[{"taxonomy":"category","embeddable":true,"href":"https:\/\/eurof-wftu.eu\/index.php?rest_route=%2Fwp%2Fv2%2Fcategories&post=1949"},{"taxonomy":"post_tag","embeddable":true,"href":"https:\/\/eurof-wftu.eu\/index.php?rest_route=%2Fwp%2Fv2%2Ftags&post=1949"}],"curies":[{"name":"wp","href":"https:\/\/api.w.org\/{rel}","templated":true}]}}